[{"@context":"https:\/\/schema.org\/","@type":"Article","@id":"https:\/\/www.carne.sk\/na-vianoce-v-plnom-style\/#Article","mainEntityOfPage":"https:\/\/www.carne.sk\/na-vianoce-v-plnom-style\/","headline":"Na Vianoce v plnom \u0161t\u00fdle","name":"Na Vianoce v plnom \u0161t\u00fdle","description":"Pred Vianocami ka\u017ed\u00fd z n\u00e1s h\u013ead\u00e1 mno\u017estvo produktov, viano\u010dn\u00fdch ozd\u00f4b a najm\u00e4 svetielok, ktor\u00e9 m\u00f4\u017eeme pou\u017ei\u0165 na vyzdobenie \u010di u\u017e svojho interi\u00e9ru, tak aj exteri\u00e9ru. Viano\u010dn\u00e1 v\u00fdzdoba je pojem, ktor\u00fd zah\u0155\u0148a nielen v\u00fdzdobu strom\u010deka, ale takisto ozdobenie cel\u00e9ho domu \u010di bytu vr\u00e1tane exteri\u00e9ru. V\u00fdzdoba viano\u010dn\u00e9ho strom\u010deka je samozrejmos\u0165ou. No sk\u00faste sa zamera\u0165 aj na zvy\u0161ok [&hellip;]","datePublished":"2025-03-22","dateModified":"2025-03-22","author":{"@type":"Person","@id":"https:\/\/www.carne.sk\/author\/#Person","name":"","url":"https:\/\/www.carne.sk\/author\/","identifier":1,"image":{"@type":"ImageObject","@id":"https:\/\/secure.gravatar.com\/avatar\/d7705a23c50ede72936119380238a88bdeb91030521f9262dc3abc6fdd8add33?s=96&d=mm&r=g","url":"https:\/\/secure.gravatar.com\/avatar\/d7705a23c50ede72936119380238a88bdeb91030521f9262dc3abc6fdd8add33?s=96&d=mm&r=g","height":96,"width":96}},"publisher":{"@type":"Organization","name":"carne.sk","logo":{"@type":"ImageObject","@id":"\/logo.png","url":"\/logo.png","width":600,"height":60}},"image":{"@type":"ImageObject","@id":"https:\/\/www.carne.sk\/wp-content\/uploads\/ornament-6845499_640.jpg","url":"https:\/\/www.carne.sk\/wp-content\/uploads\/ornament-6845499_640.jpg","height":0,"width":0},"url":"https:\/\/www.carne.sk\/na-vianoce-v-plnom-style\/","about":["Tovar"],"wordCount":386,"articleBody":"   Pred Vianocami ka\u017ed\u00fd z n\u00e1s h\u013ead\u00e1 mno\u017estvo produktov, viano\u010dn\u00fdch ozd\u00f4b a najm\u00e4 svetielok, ktor\u00e9 m\u00f4\u017eeme pou\u017ei\u0165 na vyzdobenie \u010di u\u017e svojho interi\u00e9ru, tak aj exteri\u00e9ru. Viano\u010dn\u00e1 v\u00fdzdoba je pojem, ktor\u00fd zah\u0155\u0148a nielen v\u00fdzdobu strom\u010deka, ale takisto ozdobenie cel\u00e9ho domu \u010di bytu vr\u00e1tane exteri\u00e9ru. V\u00fdzdoba viano\u010dn\u00e9ho strom\u010deka je samozrejmos\u0165ou. No sk\u00faste sa zamera\u0165 aj na zvy\u0161ok dom\u00e1cnosti. K\u00fapte si svetielka a girlandy, pomocou ktor\u00fdch m\u00f4\u017eete ozdobi\u0165 va\u0161e schodisko. Alebo sa zamerajte na viano\u010dn\u00e9 ozdoby, ktor\u00e9 m\u00f4\u017eete umiestni\u0165 po celej dom\u00e1cnosti. Viano\u010dn\u00e1 v\u00fdzdoba v podobe svetielok je skvel\u00e1 mo\u017enos\u0165 aj do exteri\u00e9ru. Ur\u010dite aj vy t\u00fa\u017eite ozdobi\u0165 svoj balk\u00f3n, z\u00e1bradlie \u010di cel\u00fd dom v\u00fdrazn\u00fdmi sveteln\u00fdmi re\u0165azami. Sveteln\u00e9 re\u0165aze do exteri\u00e9ru s\u00fa \u0161peci\u00e1lny typ viano\u010dn\u00fdch svetielok, kedy je potrebn\u00e9 zabezpe\u010di\u0165 vhodnos\u0165 re\u0165aze aj do vonkaj\u0161\u00edch podmienok. Sveteln\u00e9 re\u0165aze do exteri\u00e9ru sa vyzna\u010duj\u00fa odolnos\u0165ou vo\u010di slne\u010dn\u00e9mu \u017eiareniu, snehu \u010di da\u017e\u010fu. Je mo\u017en\u00e9 ich ma\u0165 aj priamo na nekrytom prostred\u00ed. Nap\u00e1janie v pr\u00edpade vonkaj\u0161\u00edch \u017eiaroviek je mo\u017en\u00e9 ako na zapojenie do elektrickej siete, tak aj na bat\u00e9rie. Pr\u00e1ve nap\u00e1janie na bat\u00e9rie je ob\u013e\u00fabenej\u0161\u00ed sp\u00f4sob extern\u00fdch svetielok, a kedy m\u00f4\u017eete sveteln\u00fa re\u0165az efekt\u00edvne zapoji\u0165 odkia\u013eko\u013evek. Viano\u010dn\u00e1 v\u00fdzdoba je neodmyslite\u013enou s\u00fa\u010das\u0165ou viano\u010dn\u00fdch sviatkov. Nielen deti, ale aj dospel\u00fd maj\u00fa pr\u00e1ve z viano\u010dnej v\u00fdzdoby v podobe r\u00f4znych dekor\u00e1ci\u00ed \u010di sveteln\u00fdch re\u0165az\u00ed mimoriadne ve\u013ek\u00fa ob\u013eubu. Sveteln\u00e9 re\u0165aze si m\u00f4\u017eete vybra\u0165 v r\u00f4znych farebn\u00fdch prevedeniach, d\u013a\u017ekach \u010di \u0161t\u00fdloch. Ob\u013e\u00faben\u00e9 s\u00fa takisto sveteln\u00e9 z\u00e1vesy, ktor\u00e9 s\u00fa kombin\u00e1ciou viacer\u00fdch sveteln\u00fdch re\u0165azi. V pr\u00edpade neutr\u00e1lneho \u0161t\u00fdl sveteln\u00fdch re\u0165azi si m\u00f4\u017eete vybra\u0165 z klasickej biele \u010di \u017eltej farebnosti. V pr\u00edpade, \u017ee m\u00e1te rad\u0161ej extravagantnej\u0161ie a zauj\u00edmavej\u0161ie prevedenie, m\u00f4\u017eete vyu\u017ei\u0165 mo\u017enos\u0165 sveteln\u00fdch re\u0165azi vo farebnej \u0161k\u00e1le.                                                                                                                                                                                                                                                                                                                                                                                                  "},{"@context":"https:\/\/schema.org\/","@type":"BreadcrumbList","itemListElement":[{"@type":"ListItem","position":1,"name":"Na Vianoce v plnom \u0161t\u00fdle","item":"https:\/\/www.carne.sk\/na-vianoce-v-plnom-style\/#breadcrumbitem"}]}]